{"id":158,"date":"2021-12-17T05:33:07","date_gmt":"2021-12-17T05:33:07","guid":{"rendered":"https:\/\/canadevibc.com\/blog\/?p=158"},"modified":"2021-12-17T05:33:56","modified_gmt":"2021-12-17T05:33:56","slug":"acuerdan-canadevi-e-implan-generar-un-crecimiento-ordenado-de-tijuana","status":"publish","type":"post","link":"https:\/\/canadevibc.com\/blog\/2021\/12\/17\/acuerdan-canadevi-e-implan-generar-un-crecimiento-ordenado-de-tijuana\/","title":{"rendered":"Acuerdan Canadevi e IMPLAN generar un crecimiento ordenado de Tijuana"},"content":{"rendered":"\n<p>Empresarios afiliados a la C\u00e1mara Nacional de la Industria de Desarrollo y Promoci\u00f3n de la Vivienda (Canadevi) se reunieron con la nueva titular del Instituto de Planeaci\u00f3n Municipal de Tijuana (IMPLAN), con el fin de generar estrategias que convengan al crecimiento ordenado de la ciudad.<\/p>\n\n\n\n<!--more-->\n\n\n\n<p>As\u00ed lo indic\u00f3 el Lic. Alejandro Jim\u00e9nez L\u00f3pez, presidente de la Canadevi en Baja California, luego de encabezar la reuni\u00f3n mensual de socios en la que estuvo como invitada la Arq. Nora M\u00e1rquez Carbajal, directora del IMPLAN.<\/p>\n\n\n\n<p>&#8220;Cada mes hacemos una reuni\u00f3n con socios en la que tenemos un invitado especial y tuvimos a la Arq. Nora M\u00e1rquez, que de manera muy atinada la alcaldesa Montserrat Caballero la nombr\u00f3 para el IMPLAN, porque es una persona con una gran trayectoria, que piensa en c\u00f3mo mejorar su ciudad, por lo que felicitamos a la alcaldesa por ese acierto&#8221;, apunt\u00f3 el dirigente.<\/p>\n\n\n\n<p>En la reuni\u00f3n, los socios de la Canadevi expresaron las necesidades que tienen como desarrolladores de vivienda, al tiempo que conocieron los planes que trae la nueva direcci\u00f3n de la dependencia.<\/p>\n\n\n\n<p>&#8220;Creo que tenemos muchas cosas en com\u00fan. El IMPLAN es el que marca los polos de desarrollo, densidades, y la directora trae muy buenos planes, uno de ellos es que est\u00e1n terminando de asignar diferentes polos en la ciudad para que los desarrolladores nos vayamos a esas zonas y tengamos ciertos incentivos para no concentrarnos en un solo lugar&#8221;, apunt\u00f3 Jim\u00e9nez L\u00f3pez.<\/p>\n\n\n\n<p>Asimismo, plantearon c\u00f3mo la Canadevi puede ser aliado del IMPLAN, ya que son una c\u00e1mara de empresarios preocupados por construir ciudad, no solo por desarrollar vivienda, sino preocupados por crear comunidad, ya que eso significa invertir a largo plazo.<\/p>\n\n\n\n<p>Por su parte, la Arq. Nora M\u00e1rquez Carbajal, directora del IMPLAN, afirm\u00f3 que la Canadevi es una agrupaci\u00f3n muy importante porque son los que se encargan de ofertar vivienda a la comunidad.<\/p>\n\n\n\n<p>&#8220;Ahorita, por las condiciones con las que han estado trabajando, solo les permite desarrollar vivienda media alta, residencial plus, debido a los valores de la tierra, la falta de infraestructura&#8221;, indic\u00f3.<\/p>\n\n\n\n<p>No obstante, y derivado de las pol\u00edticas federales, asegur\u00f3 que en conjunto autoridades y sector privado est\u00e1n en la elaboraci\u00f3n de estrategias para desarrollar vivienda media y media baja para el grueso de la poblaci\u00f3n, que representa el 60% de los compradores.<\/p>\n\n\n\n<p>Es as\u00ed que uno de los prop\u00f3sitos de esta reuni\u00f3n, subray\u00f3 la funcionaria, era conocer sus metas de inversi\u00f3n y c\u00f3mo el IMPLAN puede mejorar las condiciones para un crecimiento m\u00e1s ordenado, de manera que las personas no tengan que hacer largos traslados de su casa a su trabajo.<\/p>\n\n\n\n<p>&#8220;Buscamos que los espacios se desarrollen con usos mixtos y que ellos puedan ofrecer sus desarrollos en zonas c\u00e9ntricas, no necesariamente en la periferia&#8221;, asegur\u00f3.<\/p>\n\n\n\n<p>Finalmente, la Arq. Nora M\u00e1rquez inform\u00f3 que la Canadevi contar\u00e1 con una ventanilla \u00fanica en el IMPLAN para agilizar tr\u00e1mites como los estudios de impacto urbano, estudios de impacto ambiental, de movilidad y prevenci\u00f3n de riesgo, por mencionar algunos.<\/p>\n\n\n\n<p>Fuente: <a href=\"https:\/\/www.el-mexicano.com\/estatal\/acuerdan-canadevi-e-implan-generar-un-crecimiento-ordenado-de-tijuana\/2133372\">https:\/\/www.el-mexicano.com\/estatal\/acuerdan-canadevi-e-implan-generar-un-crecimiento-ordenado-de-tijuana\/2133372<\/a><\/p>\n\n\n\n<p><\/p>\n","protected":false},"excerpt":{"rendered":"<p>Empresarios afiliados a la C\u00e1mara Nacional de la Industria de Desarrollo y Promoci\u00f3n de la Vivienda (Canadevi) se reunieron con la nueva titular del Instituto de Planeaci\u00f3n Municipal de Tijuana (IMPLAN), con el fin de generar estrategias que convengan al crecimiento ordenado de la ciudad.<\/p>\n","protected":false},"author":1,"featured_media":159,"comment_status":"closed","ping_status":"closed","sticky":false,"template":"","format":"standard","meta":{"_acf_changed":false,"footnotes":""},"categories":[1],"tags":[],"class_list":["post-158","post","type-post","status-publish","format-standard","has-post-thumbnail","hentry","category-sin-categoria"],"acf":[],"aioseo_notices":[],"_links":{"self":[{"href":"https:\/\/canadevibc.com\/blog\/wp-json\/wp\/v2\/posts\/158","targetHints":{"allow":["GET"]}}],"collection":[{"href":"https:\/\/canadevibc.com\/blog\/wp-json\/wp\/v2\/posts"}],"about":[{"href":"https:\/\/canadevibc.com\/blog\/wp-json\/wp\/v2\/types\/post"}],"author":[{"embeddable":true,"href":"https:\/\/canadevibc.com\/blog\/wp-json\/wp\/v2\/users\/1"}],"replies":[{"embeddable":true,"href":"https:\/\/canadevibc.com\/blog\/wp-json\/wp\/v2\/comments?post=158"}],"version-history":[{"count":3,"href":"https:\/\/canadevibc.com\/blog\/wp-json\/wp\/v2\/posts\/158\/revisions"}],"predecessor-version":[{"id":162,"href":"https:\/\/canadevibc.com\/blog\/wp-json\/wp\/v2\/posts\/158\/revisions\/162"}],"wp:featuredmedia":[{"embeddable":true,"href":"https:\/\/canadevibc.com\/blog\/wp-json\/wp\/v2\/media\/159"}],"wp:attachment":[{"href":"https:\/\/canadevibc.com\/blog\/wp-json\/wp\/v2\/media?parent=158"}],"wp:term":[{"taxonomy":"category","embeddable":true,"href":"https:\/\/canadevibc.com\/blog\/wp-json\/wp\/v2\/categories?post=158"},{"taxonomy":"post_tag","embeddable":true,"href":"https:\/\/canadevibc.com\/blog\/wp-json\/wp\/v2\/tags?post=158"}],"curies":[{"name":"wp","href":"https:\/\/api.w.org\/{rel}","templated":true}]}}