{"id":163,"date":"2021-12-17T05:39:22","date_gmt":"2021-12-17T05:39:22","guid":{"rendered":"https:\/\/canadevibc.com\/blog\/?p=163"},"modified":"2021-12-17T06:09:26","modified_gmt":"2021-12-17T06:09:26","slug":"confia-canadevi-se-aterricen-soluciones-para-tijuana-en-materia-de-desarrollo-urbano","status":"publish","type":"post","link":"https:\/\/canadevibc.com\/blog\/2021\/12\/17\/confia-canadevi-se-aterricen-soluciones-para-tijuana-en-materia-de-desarrollo-urbano\/","title":{"rendered":"Conf\u00eda Canadevi se aterricen soluciones para Tijuana en materia de desarrollo urbano"},"content":{"rendered":"\n<p>En el marco de la instalaci\u00f3n del Comit\u00e9 de Acciones Urbanas del municipio.<\/p>\n\n\n\n<!--more-->\n\n\n\n<p><strong>La C\u00e1mara Nacional de la Industria de Desarrollo y Promoci\u00f3n de la Vivienda<\/strong>&nbsp;(Canadevi) tiene expectativas positivas tras la instalaci\u00f3n del Comit\u00e9 de Acciones Urbanas de&nbsp;<strong>Tijuana<\/strong>, cuyo prop\u00f3sito es generar estrategias y planes de desarrollo ordenado de la ciudad.<\/p>\n\n\n\n<p>As\u00ed lo indic\u00f3 el Lic. Alejandro Jim\u00e9nez L\u00f3pez, presidente estatal de la Canadevi en BC, quien dijo ver con buenos ojos la conformaci\u00f3n de este comit\u00e9, en el que participan otras c\u00e1maras empresariales y colegios relacionados a la construcci\u00f3n y planeaci\u00f3n del municipio.<\/p>\n\n\n\n<p>&#8220;Estamos muy contentos por la instalaci\u00f3n del Comit\u00e9 de Acciones Urbanas, donde queremos expresar un agradecimiento para la alcaldesa Montserrat Caballero, porque en 42 d\u00edas de su administraci\u00f3n se ha avanzado m\u00e1s que en muchos otros trienios, as\u00ed como al secretario Miguel \u00c1ngel Bujanda, porque muy atinadamente formaron este comit\u00e9 y nos tomaron en cuenta&#8221;, destac\u00f3.<\/p>\n\n\n\n<p>Con la instalaci\u00f3n de dicho comit\u00e9, subray\u00f3 el dirigente, el Ayuntamiento se muestra abierto a la opini\u00f3n y el di\u00e1logo, lo cual es valorado por la Canadevi, debido a que pocas administraciones tienen esa apertura.<\/p>\n\n\n\n<p>&#8220;Para nosotros tambi\u00e9n es una responsabilidad el poder opinar y ver c\u00f3mo se lleva un desarrollo urbano ordenado y \u00e1gil de la ciudad, ya que se espera aterrizar las soluciones que tanto requiere&nbsp;<strong>Tijuana<\/strong>&#8220;, apunt\u00f3.<\/p>\n\n\n\n<p>Jim\u00e9nez L\u00f3pez refiri\u00f3 que entre los temas apremiantes est\u00e1n el plan de desarrollo de la ciudad, que es algo en el tintero que requiere los \u00faltimos toques, adem\u00e1s de concluir con la actualizaci\u00f3n los reglamentos de urbanizaci\u00f3n, edificaci\u00f3n y condominios.<\/p>\n\n\n\n<p>&#8220;El beneficio principal de esto es para la ciudadan\u00eda, ya que se busca seguir desarrollando\u00a0<strong>vivienda<\/strong>\u00a0de calidad, en zonas aptas para que esa\u00a0<strong>vivienda<\/strong>\u00a0tenga una certeza jur\u00eddica y una calidad de construcci\u00f3n&#8221;, finaliz\u00f3 el l\u00edder de la\u00a0<strong>Canadevi BC<\/strong>.<\/p>\n\n\n\n<p>Fuente: <a href=\"https:\/\/www.el-mexicano.com\/estatal\/confa-canadevi-se-aterricen-soluciones-para-tijuana-en-materia-de-desarrollo-urbano\/2134186\">https:\/\/www.el-mexicano.com\/estatal\/confa-canadevi-se-aterricen-soluciones-para-tijuana-en-materia-de-desarrollo-urbano\/2134186<\/a><\/p>\n","protected":false},"excerpt":{"rendered":"<p>En el marco de la instalaci\u00f3n del Comit\u00e9 de Acciones Urbanas del municipio.<\/p>\n","protected":false},"author":1,"featured_media":164,"comment_status":"closed","ping_status":"closed","sticky":false,"template":"","format":"standard","meta":{"_acf_changed":false,"footnotes":""},"categories":[1],"tags":[],"class_list":["post-163","post","type-post","status-publish","format-standard","has-post-thumbnail","hentry","category-sin-categoria"],"acf":[],"aioseo_notices":[],"_links":{"self":[{"href":"https:\/\/canadevibc.com\/blog\/wp-json\/wp\/v2\/posts\/163","targetHints":{"allow":["GET"]}}],"collection":[{"href":"https:\/\/canadevibc.com\/blog\/wp-json\/wp\/v2\/posts"}],"about":[{"href":"https:\/\/canadevibc.com\/blog\/wp-json\/wp\/v2\/types\/post"}],"author":[{"embeddable":true,"href":"https:\/\/canadevibc.com\/blog\/wp-json\/wp\/v2\/users\/1"}],"replies":[{"embeddable":true,"href":"https:\/\/canadevibc.com\/blog\/wp-json\/wp\/v2\/comments?post=163"}],"version-history":[{"count":1,"href":"https:\/\/canadevibc.com\/blog\/wp-json\/wp\/v2\/posts\/163\/revisions"}],"predecessor-version":[{"id":165,"href":"https:\/\/canadevibc.com\/blog\/wp-json\/wp\/v2\/posts\/163\/revisions\/165"}],"wp:featuredmedia":[{"embeddable":true,"href":"https:\/\/canadevibc.com\/blog\/wp-json\/wp\/v2\/media\/164"}],"wp:attachment":[{"href":"https:\/\/canadevibc.com\/blog\/wp-json\/wp\/v2\/media?parent=163"}],"wp:term":[{"taxonomy":"category","embeddable":true,"href":"https:\/\/canadevibc.com\/blog\/wp-json\/wp\/v2\/categories?post=163"},{"taxonomy":"post_tag","embeddable":true,"href":"https:\/\/canadevibc.com\/blog\/wp-json\/wp\/v2\/tags?post=163"}],"curies":[{"name":"wp","href":"https:\/\/api.w.org\/{rel}","templated":true}]}}